{"id":216,"date":"2019-01-17T13:43:22","date_gmt":"2019-01-17T13:43:22","guid":{"rendered":"https:\/\/rl.privatschule-mannheim.de\/?p=216"},"modified":"2019-02-17T14:07:34","modified_gmt":"2019-02-17T14:07:34","slug":"wir-sind-in-der-zeitung","status":"publish","type":"post","link":"https:\/\/rl.privatschule-mannheim.de\/?p=216","title":{"rendered":"Wir sind in der Zeitung!"},"content":{"rendered":"<p>&nbsp;<\/p>\n<p>Herr B\u00e4hr vom Mannheimer Morgen hat uns besucht und einen sch\u00f6nen Artikel \u00fcber uns geschrieben. Vielen Dank Her B\u00e4hr!<\/p>\n<p><a href=\"https:\/\/www.morgenweb.de\/mannheimer-morgen_artikel,-mannheim-karl-von-drais-schueler-ackern-fuer-die-umwelt-_arid,1378685.html\" target=\"_blank\" rel=\"noopener\"><strong>Hier geht\u00b4s\u00a0 zum Zeitungsartikel<\/strong><\/a><\/p>\n","protected":false},"excerpt":{"rendered":"<p>&nbsp; Herr B\u00e4hr vom Mannheimer Morgen hat uns besucht und einen sch\u00f6nen Artikel \u00fcber uns geschrieben. Vielen Dank Her B\u00e4hr! Hier geht\u00b4s\u00a0 zum Zeitungsartikel<\/p>\n","protected":false},"author":2,"featured_media":222,"comment_status":"closed","ping_status":"closed","sticky":false,"template":"","format":"link","meta":{"footnotes":""},"categories":[12],"tags":[],"class_list":["post-216","post","type-post","status-publish","format-link","has-post-thumbnail","hentry","category-zeitung-und-medien","post_format-post-format-link"],"_links":{"self":[{"href":"https:\/\/rl.privatschule-mannheim.de\/index.php?rest_route=\/wp\/v2\/posts\/216","targetHints":{"allow":["GET"]}}],"collection":[{"href":"https:\/\/rl.privatschule-mannheim.de\/index.php?rest_route=\/wp\/v2\/posts"}],"about":[{"href":"https:\/\/rl.privatschule-mannheim.de\/index.php?rest_route=\/wp\/v2\/types\/post"}],"author":[{"embeddable":true,"href":"https:\/\/rl.privatschule-mannheim.de\/index.php?rest_route=\/wp\/v2\/users\/2"}],"replies":[{"embeddable":true,"href":"https:\/\/rl.privatschule-mannheim.de\/index.php?rest_route=%2Fwp%2Fv2%2Fcomments&post=216"}],"version-history":[{"count":5,"href":"https:\/\/rl.privatschule-mannheim.de\/index.php?rest_route=\/wp\/v2\/posts\/216\/revisions"}],"predecessor-version":[{"id":224,"href":"https:\/\/rl.privatschule-mannheim.de\/index.php?rest_route=\/wp\/v2\/posts\/216\/revisions\/224"}],"wp:featuredmedia":[{"embeddable":true,"href":"https:\/\/rl.privatschule-mannheim.de\/index.php?rest_route=\/wp\/v2\/media\/222"}],"wp:attachment":[{"href":"https:\/\/rl.privatschule-mannheim.de\/index.php?rest_route=%2Fwp%2Fv2%2Fmedia&parent=216"}],"wp:term":[{"taxonomy":"category","embeddable":true,"href":"https:\/\/rl.privatschule-mannheim.de\/index.php?rest_route=%2Fwp%2Fv2%2Fcategories&post=216"},{"taxonomy":"post_tag","embeddable":true,"href":"https:\/\/rl.privatschule-mannheim.de\/index.php?rest_route=%2Fwp%2Fv2%2Ftags&post=216"}],"curies":[{"name":"wp","href":"https:\/\/api.w.org\/{rel}","templated":true}]}}