{"id":248,"date":"2021-01-21T19:34:22","date_gmt":"2021-01-21T19:34:22","guid":{"rendered":"https:\/\/rl.privatschule-mannheim.de\/?p=248"},"modified":"2021-01-21T19:34:22","modified_gmt":"2021-01-21T19:34:22","slug":"ernte-2020","status":"publish","type":"post","link":"https:\/\/rl.privatschule-mannheim.de\/?p=248","title":{"rendered":"Ernte 2020"},"content":{"rendered":"<p>Das Jahr 2020 war gepr\u00e4gt von der Pandemie. S\u00e4en, Setzen, Ernten usw konnte aufgrund der Hygieneregeln nur sehr eingeschr\u00e4nkt stattfinden. Trotzdem setzen wir 4 Apfelb\u00e4ume alter Sorten und hatten eine gute Kartoffelernte. Hier ein paar Impressionen:<\/p>\n<p><img loading=\"lazy\" decoding=\"async\" class=\"alignnone size-medium wp-image-256\" src=\"https:\/\/rl.privatschule-mannheim.de\/wp-content\/uploads\/2021\/01\/20200129_145247-300x225.jpg\" alt=\"\" width=\"300\" height=\"225\" srcset=\"https:\/\/rl.privatschule-mannheim.de\/wp-content\/uploads\/2021\/01\/20200129_145247-300x225.jpg 300w, https:\/\/rl.privatschule-mannheim.de\/wp-content\/uploads\/2021\/01\/20200129_145247-768x576.jpg 768w, https:\/\/rl.privatschule-mannheim.de\/wp-content\/uploads\/2021\/01\/20200129_145247-1024x768.jpg 1024w\" sizes=\"auto, (max-width: 300px) 100vw, 300px\" \/><\/p>\n<p>Hier kommt ein Apfelb\u00e4umchen rein&#8230;<\/p>\n<p><img loading=\"lazy\" decoding=\"async\" class=\"alignnone size-medium wp-image-255\" src=\"https:\/\/rl.privatschule-mannheim.de\/wp-content\/uploads\/2021\/01\/20200128_154221-300x225.jpg\" alt=\"\" width=\"300\" height=\"225\" srcset=\"https:\/\/rl.privatschule-mannheim.de\/wp-content\/uploads\/2021\/01\/20200128_154221-300x225.jpg 300w, https:\/\/rl.privatschule-mannheim.de\/wp-content\/uploads\/2021\/01\/20200128_154221-768x576.jpg 768w, https:\/\/rl.privatschule-mannheim.de\/wp-content\/uploads\/2021\/01\/20200128_154221-1024x768.jpg 1024w\" sizes=\"auto, (max-width: 300px) 100vw, 300px\" \/><\/p>\n<p>Dieses Jahr nur wenig Ackerfl\u00e4chen &#8211; Corna bedingt:<\/p>\n<p><img loading=\"lazy\" decoding=\"async\" class=\"alignnone size-medium wp-image-252\" src=\"https:\/\/rl.privatschule-mannheim.de\/wp-content\/uploads\/2021\/01\/20200127_121317-300x225.jpg\" alt=\"\" width=\"300\" height=\"225\" srcset=\"https:\/\/rl.privatschule-mannheim.de\/wp-content\/uploads\/2021\/01\/20200127_121317-300x225.jpg 300w, https:\/\/rl.privatschule-mannheim.de\/wp-content\/uploads\/2021\/01\/20200127_121317-768x576.jpg 768w, https:\/\/rl.privatschule-mannheim.de\/wp-content\/uploads\/2021\/01\/20200127_121317-1024x768.jpg 1024w\" sizes=\"auto, (max-width: 300px) 100vw, 300px\" \/><\/p>\n<p>So sieht es aus wenn die Kartoffeln spriessen:<\/p>\n<p><img loading=\"lazy\" decoding=\"async\" class=\"alignnone size-medium wp-image-257\" src=\"https:\/\/rl.privatschule-mannheim.de\/wp-content\/uploads\/2021\/01\/20200512_122429-300x225.jpg\" alt=\"\" width=\"300\" height=\"225\" srcset=\"https:\/\/rl.privatschule-mannheim.de\/wp-content\/uploads\/2021\/01\/20200512_122429-300x225.jpg 300w, https:\/\/rl.privatschule-mannheim.de\/wp-content\/uploads\/2021\/01\/20200512_122429-768x576.jpg 768w, https:\/\/rl.privatschule-mannheim.de\/wp-content\/uploads\/2021\/01\/20200512_122429-1024x768.jpg 1024w\" sizes=\"auto, (max-width: 300px) 100vw, 300px\" \/><\/p>\n<p>Kartoffelernte:<\/p>\n<p><img loading=\"lazy\" decoding=\"async\" class=\"alignnone size-medium wp-image-260\" src=\"https:\/\/rl.privatschule-mannheim.de\/wp-content\/uploads\/2021\/01\/20200721_104304-300x225.jpg\" alt=\"\" width=\"300\" height=\"225\" srcset=\"https:\/\/rl.privatschule-mannheim.de\/wp-content\/uploads\/2021\/01\/20200721_104304-300x225.jpg 300w, https:\/\/rl.privatschule-mannheim.de\/wp-content\/uploads\/2021\/01\/20200721_104304-768x576.jpg 768w, https:\/\/rl.privatschule-mannheim.de\/wp-content\/uploads\/2021\/01\/20200721_104304-1024x768.jpg 1024w\" sizes=\"auto, (max-width: 300px) 100vw, 300px\" \/><\/p>\n","protected":false},"excerpt":{"rendered":"<p>Das Jahr 2020 war gepr\u00e4gt von der Pandemie. S\u00e4en, Setzen, Ernten usw konnte aufgrund der Hygieneregeln nur sehr eingeschr\u00e4nkt stattfinden. Trotzdem setzen wir 4 Apfelb\u00e4ume alter Sorten und hatten eine gute Kartoffelernte. Hier ein paar Impressionen: Hier kommt ein Apfelb\u00e4umchen rein&#8230; Dieses Jahr nur wenig Ackerfl\u00e4chen &#8211; Corna bedingt: So sieht es aus wenn die &hellip; <a href=\"https:\/\/rl.privatschule-mannheim.de\/?p=248\" class=\"more-link\"><span class=\"screen-reader-text\">Ernte 2020<\/span> weiterlesen<\/a><\/p>\n","protected":false},"author":2,"featured_media":256,"comment_status":"closed","ping_status":"closed","sticky":false,"template":"","format":"standard","meta":{"footnotes":""},"categories":[5,6],"tags":[],"class_list":["post-248","post","type-post","status-publish","format-standard","has-post-thumbnail","hentry","category-anbautipps","category-know-how-fuers-ackern"],"_links":{"self":[{"href":"https:\/\/rl.privatschule-mannheim.de\/index.php?rest_route=\/wp\/v2\/posts\/248","targetHints":{"allow":["GET"]}}],"collection":[{"href":"https:\/\/rl.privatschule-mannheim.de\/index.php?rest_route=\/wp\/v2\/posts"}],"about":[{"href":"https:\/\/rl.privatschule-mannheim.de\/index.php?rest_route=\/wp\/v2\/types\/post"}],"author":[{"embeddable":true,"href":"https:\/\/rl.privatschule-mannheim.de\/index.php?rest_route=\/wp\/v2\/users\/2"}],"replies":[{"embeddable":true,"href":"https:\/\/rl.privatschule-mannheim.de\/index.php?rest_route=%2Fwp%2Fv2%2Fcomments&post=248"}],"version-history":[{"count":1,"href":"https:\/\/rl.privatschule-mannheim.de\/index.php?rest_route=\/wp\/v2\/posts\/248\/revisions"}],"predecessor-version":[{"id":262,"href":"https:\/\/rl.privatschule-mannheim.de\/index.php?rest_route=\/wp\/v2\/posts\/248\/revisions\/262"}],"wp:featuredmedia":[{"embeddable":true,"href":"https:\/\/rl.privatschule-mannheim.de\/index.php?rest_route=\/wp\/v2\/media\/256"}],"wp:attachment":[{"href":"https:\/\/rl.privatschule-mannheim.de\/index.php?rest_route=%2Fwp%2Fv2%2Fmedia&parent=248"}],"wp:term":[{"taxonomy":"category","embeddable":true,"href":"https:\/\/rl.privatschule-mannheim.de\/index.php?rest_route=%2Fwp%2Fv2%2Fcategories&post=248"},{"taxonomy":"post_tag","embeddable":true,"href":"https:\/\/rl.privatschule-mannheim.de\/index.php?rest_route=%2Fwp%2Fv2%2Ftags&post=248"}],"curies":[{"name":"wp","href":"https:\/\/api.w.org\/{rel}","templated":true}]}}